{"id":7048,"date":"2025-12-11T12:15:55","date_gmt":"2025-12-11T08:15:55","guid":{"rendered":"https:\/\/ambtbilisi.esteri.it\/?p=7048"},"modified":"2025-12-11T12:16:18","modified_gmt":"2025-12-11T08:16:18","slug":"la-cucina-italiana-e-patrimonio-culturale-immateriale-dellumanita","status":"publish","type":"post","link":"https:\/\/ambtbilisi.esteri.it\/it\/news\/dall_ambasciata\/2025\/12\/la-cucina-italiana-e-patrimonio-culturale-immateriale-dellumanita\/","title":{"rendered":"La Cucina italiana \u00e8 patrimonio culturale immateriale dell&#8217;umanit\u00e0!"},"content":{"rendered":"<p>La Cucina Italiana \u00e8 ufficialmente Patrimonio culturale immateriale #UNESCO! Un patrimonio che coniuga saper fare, tradizioni e pratiche, e la prima cucina al mondo a ottenere questo prestigioso titolo!<\/p>\n","protected":false},"excerpt":{"rendered":"La Cucina Italiana \u00e8 ufficialmente Patrimonio culturale immateriale #UNESCO! Un patrimonio che coniuga saper fare, tradizioni e pratiche, e la prima cucina al mondo a ottenere questo prestigioso titolo!","protected":false},"author":4,"featured_media":7062,"comment_status":"closed","ping_status":"closed","sticky":false,"template":"","format":"standard","meta":{"footnotes":""},"tags":[],"class_list":["post-7048","post","type-post","status-publish","format-standard","has-post-thumbnail","hentry"],"_links":{"self":[{"href":"https:\/\/ambtbilisi.esteri.it\/it\/wp-json\/wp\/v2\/posts\/7048","targetHints":{"allow":["GET"]}}],"collection":[{"href":"https:\/\/ambtbilisi.esteri.it\/it\/wp-json\/wp\/v2\/posts"}],"about":[{"href":"https:\/\/ambtbilisi.esteri.it\/it\/wp-json\/wp\/v2\/types\/post"}],"author":[{"embeddable":true,"href":"https:\/\/ambtbilisi.esteri.it\/it\/wp-json\/wp\/v2\/users\/4"}],"replies":[{"embeddable":true,"href":"https:\/\/ambtbilisi.esteri.it\/it\/wp-json\/wp\/v2\/comments?post=7048"}],"version-history":[{"count":1,"href":"https:\/\/ambtbilisi.esteri.it\/it\/wp-json\/wp\/v2\/posts\/7048\/revisions"}],"predecessor-version":[{"id":7068,"href":"https:\/\/ambtbilisi.esteri.it\/it\/wp-json\/wp\/v2\/posts\/7048\/revisions\/7068"}],"wp:featuredmedia":[{"embeddable":true,"href":"https:\/\/ambtbilisi.esteri.it\/it\/wp-json\/wp\/v2\/media\/7062"}],"wp:attachment":[{"href":"https:\/\/ambtbilisi.esteri.it\/it\/wp-json\/wp\/v2\/media?parent=7048"}],"wp:term":[{"taxonomy":"post_tag","embeddable":true,"href":"https:\/\/ambtbilisi.esteri.it\/it\/wp-json\/wp\/v2\/tags?post=7048"}],"curies":[{"name":"wp","href":"https:\/\/api.w.org\/{rel}","templated":true}]}}